{"id":509,"date":"2022-11-13T07:43:36","date_gmt":"2022-11-13T07:43:36","guid":{"rendered":"https:\/\/sqvot.si\/mednarodna-konferenca-ljubo-doma\/"},"modified":"2022-11-13T07:43:36","modified_gmt":"2022-11-13T07:43:36","slug":"mednarodna-konferenca-ljubo-doma","status":"publish","type":"post","link":"https:\/\/sqvot.si\/en\/mednarodna-konferenca-ljubo-doma\/","title":{"rendered":"Mednarodna konferenca: Ljubo doma?"},"content":{"rendered":"\n<h5 class=\"wp-block-heading\">VIDEO<\/h5>\n\n\n\n<p>Mednarodna konferenca: Ljubo doma? \u2013 Mednarodna konferenca o stanovanjski izklju\u010denosti in brezdomnosti mladih LGBTIQ+ oseb<\/p>\n\n\n\n<p>Produkcija: Dru\u0161tvo Parada ponosa \/ program Sqvot \/ v sodelovanju z organizacijami FEANTSA, True Colors United in Associazione Quore<\/p>\n\n\n\n<p>Namen konference je bil predstaviti izsledke raziskave Bivanjske razmere mladih LGBTIQ+ oseb v Sloveniji ter predstaviti podro\u010dje stanovanjske izklju\u010denosti in brezdomnosti mladih LGBTIQ+ oseb skozi dobre prakse in izku\u0161nje mednarodnih partnerjev.<\/p>\n\n\n\n<p>Konferenca je potekala v sredo, 16. 6. 2021, med 9.00 in 17.30 v Ljubljani.<\/p>\n\n\n\n<p>Izvedbo konference sta sofinancirali organizaciji ILGA-Europe in European Youth foundation.<\/p>\n\n\n\n<p><a href=\"https:\/\/www.youtube.com\/watch?v=EgrUBeX9v4I\">Ogled videoposnetka&gt;<\/a><\/p>\n","protected":false},"excerpt":{"rendered":"<p>VIDEO Mednarodna konferenca: Ljubo doma? \u2013 Mednarodna konferenca o stanovanjski izklju\u010denosti in brezdomnosti mladih LGBTIQ+ oseb Produkcija: Dru\u0161tvo Parada ponosa \/ program Sqvot \/ v sodelovanju z organizacijami FEANTSA, True [&hellip;]<\/p>\n","protected":false},"author":1,"featured_media":414,"comment_status":"closed","ping_status":"open","sticky":false,"template":"","format":"standard","meta":{"_et_pb_use_builder":"off","_et_pb_old_content":"","_et_gb_content_width":"","_monsterinsights_skip_tracking":false,"_monsterinsights_sitenote_active":false,"_monsterinsights_sitenote_note":"","_monsterinsights_sitenote_category":0,"footnotes":""},"categories":[10],"tags":[],"class_list":["post-509","post","type-post","status-publish","format-standard","has-post-thumbnail","hentry","category-uncategorized"],"yoast_head":"<!-- This site is optimized with the Yoast SEO plugin v27.5 - https:\/\/yoast.com\/product\/yoast-seo-wordpress\/ -->\n<title>Mednarodna konferenca: Ljubo doma? - SQVOT<\/title>\n<meta name=\"robots\" content=\"index, follow, max-snippet:-1, max-image-preview:large, max-video-preview:-1\" \/>\n<link rel=\"canonical\" href=\"https:\/\/sqvot.si\/en\/mednarodna-konferenca-ljubo-doma\/\" \/>\n<meta property=\"og:locale\" content=\"en_US\" \/>\n<meta property=\"og:type\" content=\"article\" \/>\n<meta property=\"og:title\" content=\"Mednarodna konferenca: Ljubo doma? - SQVOT\" \/>\n<meta property=\"og:description\" content=\"VIDEO Mednarodna konferenca: Ljubo doma? \u2013 Mednarodna konferenca o stanovanjski izklju\u010denosti in brezdomnosti mladih LGBTIQ+ oseb Produkcija: Dru\u0161tvo Parada ponosa \/ program Sqvot \/ v sodelovanju z organizacijami FEANTSA, True [&hellip;]\" \/>\n<meta property=\"og:url\" content=\"https:\/\/sqvot.si\/en\/mednarodna-konferenca-ljubo-doma\/\" \/>\n<meta property=\"og:site_name\" content=\"SQVOT\" \/>\n<meta property=\"article:published_time\" content=\"2022-11-13T07:43:36+00:00\" \/>\n<meta name=\"author\" content=\"admin\" \/>\n<meta name=\"twitter:card\" content=\"summary_large_image\" \/>\n<meta name=\"twitter:label1\" content=\"Written by\" \/>\n\t<meta name=\"twitter:data1\" content=\"admin\" \/>\n<script type=\"application\/ld+json\" class=\"yoast-schema-graph\">{\"@context\":\"https:\\\/\\\/schema.org\",\"@graph\":[{\"@type\":\"Article\",\"@id\":\"https:\\\/\\\/sqvot.si\\\/en\\\/mednarodna-konferenca-ljubo-doma\\\/#article\",\"isPartOf\":{\"@id\":\"https:\\\/\\\/sqvot.si\\\/en\\\/mednarodna-konferenca-ljubo-doma\\\/\"},\"author\":{\"name\":\"admin\",\"@id\":\"https:\\\/\\\/sqvot.si\\\/#\\\/schema\\\/person\\\/98bc915df7392ec0238fa11c929b6a09\"},\"headline\":\"Mednarodna konferenca: Ljubo doma?\",\"datePublished\":\"2022-11-13T07:43:36+00:00\",\"mainEntityOfPage\":{\"@id\":\"https:\\\/\\\/sqvot.si\\\/en\\\/mednarodna-konferenca-ljubo-doma\\\/\"},\"wordCount\":94,\"image\":{\"@id\":\"https:\\\/\\\/sqvot.si\\\/en\\\/mednarodna-konferenca-ljubo-doma\\\/#primaryimage\"},\"thumbnailUrl\":\"https:\\\/\\\/sqvot.si\\\/wp-content\\\/uploads\\\/2022\\\/01\\\/Ljubo-doma_IG.png\",\"inLanguage\":\"en-US\"},{\"@type\":\"WebPage\",\"@id\":\"https:\\\/\\\/sqvot.si\\\/en\\\/mednarodna-konferenca-ljubo-doma\\\/\",\"url\":\"https:\\\/\\\/sqvot.si\\\/en\\\/mednarodna-konferenca-ljubo-doma\\\/\",\"name\":\"Mednarodna konferenca: Ljubo doma? - SQVOT\",\"isPartOf\":{\"@id\":\"https:\\\/\\\/sqvot.si\\\/#website\"},\"primaryImageOfPage\":{\"@id\":\"https:\\\/\\\/sqvot.si\\\/en\\\/mednarodna-konferenca-ljubo-doma\\\/#primaryimage\"},\"image\":{\"@id\":\"https:\\\/\\\/sqvot.si\\\/en\\\/mednarodna-konferenca-ljubo-doma\\\/#primaryimage\"},\"thumbnailUrl\":\"https:\\\/\\\/sqvot.si\\\/wp-content\\\/uploads\\\/2022\\\/01\\\/Ljubo-doma_IG.png\",\"datePublished\":\"2022-11-13T07:43:36+00:00\",\"author\":{\"@id\":\"https:\\\/\\\/sqvot.si\\\/#\\\/schema\\\/person\\\/98bc915df7392ec0238fa11c929b6a09\"},\"breadcrumb\":{\"@id\":\"https:\\\/\\\/sqvot.si\\\/en\\\/mednarodna-konferenca-ljubo-doma\\\/#breadcrumb\"},\"inLanguage\":\"en-US\",\"potentialAction\":[{\"@type\":\"ReadAction\",\"target\":[\"https:\\\/\\\/sqvot.si\\\/en\\\/mednarodna-konferenca-ljubo-doma\\\/\"]}]},{\"@type\":\"ImageObject\",\"inLanguage\":\"en-US\",\"@id\":\"https:\\\/\\\/sqvot.si\\\/en\\\/mednarodna-konferenca-ljubo-doma\\\/#primaryimage\",\"url\":\"https:\\\/\\\/sqvot.si\\\/wp-content\\\/uploads\\\/2022\\\/01\\\/Ljubo-doma_IG.png\",\"contentUrl\":\"https:\\\/\\\/sqvot.si\\\/wp-content\\\/uploads\\\/2022\\\/01\\\/Ljubo-doma_IG.png\",\"width\":3333,\"height\":3333},{\"@type\":\"BreadcrumbList\",\"@id\":\"https:\\\/\\\/sqvot.si\\\/en\\\/mednarodna-konferenca-ljubo-doma\\\/#breadcrumb\",\"itemListElement\":[{\"@type\":\"ListItem\",\"position\":1,\"name\":\"Home\",\"item\":\"https:\\\/\\\/sqvot.si\\\/en\\\/\"},{\"@type\":\"ListItem\",\"position\":2,\"name\":\"Mednarodna konferenca: Ljubo doma?\"}]},{\"@type\":\"WebSite\",\"@id\":\"https:\\\/\\\/sqvot.si\\\/#website\",\"url\":\"https:\\\/\\\/sqvot.si\\\/\",\"name\":\"SQVOT\",\"description\":\"Program za zmanj\u0161evanje posledic manj\u0161inskega stresa\",\"potentialAction\":[{\"@type\":\"SearchAction\",\"target\":{\"@type\":\"EntryPoint\",\"urlTemplate\":\"https:\\\/\\\/sqvot.si\\\/?s={search_term_string}\"},\"query-input\":{\"@type\":\"PropertyValueSpecification\",\"valueRequired\":true,\"valueName\":\"search_term_string\"}}],\"inLanguage\":\"en-US\"},{\"@type\":\"Person\",\"@id\":\"https:\\\/\\\/sqvot.si\\\/#\\\/schema\\\/person\\\/98bc915df7392ec0238fa11c929b6a09\",\"name\":\"admin\",\"sameAs\":[\"http:\\\/\\\/sqvot.si\"],\"url\":\"https:\\\/\\\/sqvot.si\\\/en\\\/author\\\/admin\\\/\"}]}<\/script>\n<!-- \/ Yoast SEO plugin. -->","yoast_head_json":{"title":"Mednarodna konferenca: Ljubo doma? - SQVOT","robots":{"index":"index","follow":"follow","max-snippet":"max-snippet:-1","max-image-preview":"max-image-preview:large","max-video-preview":"max-video-preview:-1"},"canonical":"https:\/\/sqvot.si\/en\/mednarodna-konferenca-ljubo-doma\/","og_locale":"en_US","og_type":"article","og_title":"Mednarodna konferenca: Ljubo doma? - SQVOT","og_description":"VIDEO Mednarodna konferenca: Ljubo doma? \u2013 Mednarodna konferenca o stanovanjski izklju\u010denosti in brezdomnosti mladih LGBTIQ+ oseb Produkcija: Dru\u0161tvo Parada ponosa \/ program Sqvot \/ v sodelovanju z organizacijami FEANTSA, True [&hellip;]","og_url":"https:\/\/sqvot.si\/en\/mednarodna-konferenca-ljubo-doma\/","og_site_name":"SQVOT","article_published_time":"2022-11-13T07:43:36+00:00","author":"admin","twitter_card":"summary_large_image","twitter_misc":{"Written by":"admin"},"schema":{"@context":"https:\/\/schema.org","@graph":[{"@type":"Article","@id":"https:\/\/sqvot.si\/en\/mednarodna-konferenca-ljubo-doma\/#article","isPartOf":{"@id":"https:\/\/sqvot.si\/en\/mednarodna-konferenca-ljubo-doma\/"},"author":{"name":"admin","@id":"https:\/\/sqvot.si\/#\/schema\/person\/98bc915df7392ec0238fa11c929b6a09"},"headline":"Mednarodna konferenca: Ljubo doma?","datePublished":"2022-11-13T07:43:36+00:00","mainEntityOfPage":{"@id":"https:\/\/sqvot.si\/en\/mednarodna-konferenca-ljubo-doma\/"},"wordCount":94,"image":{"@id":"https:\/\/sqvot.si\/en\/mednarodna-konferenca-ljubo-doma\/#primaryimage"},"thumbnailUrl":"https:\/\/sqvot.si\/wp-content\/uploads\/2022\/01\/Ljubo-doma_IG.png","inLanguage":"en-US"},{"@type":"WebPage","@id":"https:\/\/sqvot.si\/en\/mednarodna-konferenca-ljubo-doma\/","url":"https:\/\/sqvot.si\/en\/mednarodna-konferenca-ljubo-doma\/","name":"Mednarodna konferenca: Ljubo doma? - SQVOT","isPartOf":{"@id":"https:\/\/sqvot.si\/#website"},"primaryImageOfPage":{"@id":"https:\/\/sqvot.si\/en\/mednarodna-konferenca-ljubo-doma\/#primaryimage"},"image":{"@id":"https:\/\/sqvot.si\/en\/mednarodna-konferenca-ljubo-doma\/#primaryimage"},"thumbnailUrl":"https:\/\/sqvot.si\/wp-content\/uploads\/2022\/01\/Ljubo-doma_IG.png","datePublished":"2022-11-13T07:43:36+00:00","author":{"@id":"https:\/\/sqvot.si\/#\/schema\/person\/98bc915df7392ec0238fa11c929b6a09"},"breadcrumb":{"@id":"https:\/\/sqvot.si\/en\/mednarodna-konferenca-ljubo-doma\/#breadcrumb"},"inLanguage":"en-US","potentialAction":[{"@type":"ReadAction","target":["https:\/\/sqvot.si\/en\/mednarodna-konferenca-ljubo-doma\/"]}]},{"@type":"ImageObject","inLanguage":"en-US","@id":"https:\/\/sqvot.si\/en\/mednarodna-konferenca-ljubo-doma\/#primaryimage","url":"https:\/\/sqvot.si\/wp-content\/uploads\/2022\/01\/Ljubo-doma_IG.png","contentUrl":"https:\/\/sqvot.si\/wp-content\/uploads\/2022\/01\/Ljubo-doma_IG.png","width":3333,"height":3333},{"@type":"BreadcrumbList","@id":"https:\/\/sqvot.si\/en\/mednarodna-konferenca-ljubo-doma\/#breadcrumb","itemListElement":[{"@type":"ListItem","position":1,"name":"Home","item":"https:\/\/sqvot.si\/en\/"},{"@type":"ListItem","position":2,"name":"Mednarodna konferenca: Ljubo doma?"}]},{"@type":"WebSite","@id":"https:\/\/sqvot.si\/#website","url":"https:\/\/sqvot.si\/","name":"SQVOT","description":"Program za zmanj\u0161evanje posledic manj\u0161inskega stresa","potentialAction":[{"@type":"SearchAction","target":{"@type":"EntryPoint","urlTemplate":"https:\/\/sqvot.si\/?s={search_term_string}"},"query-input":{"@type":"PropertyValueSpecification","valueRequired":true,"valueName":"search_term_string"}}],"inLanguage":"en-US"},{"@type":"Person","@id":"https:\/\/sqvot.si\/#\/schema\/person\/98bc915df7392ec0238fa11c929b6a09","name":"admin","sameAs":["http:\/\/sqvot.si"],"url":"https:\/\/sqvot.si\/en\/author\/admin\/"}]}},"_links":{"self":[{"href":"https:\/\/sqvot.si\/en\/wp-json\/wp\/v2\/posts\/509","targetHints":{"allow":["GET"]}}],"collection":[{"href":"https:\/\/sqvot.si\/en\/wp-json\/wp\/v2\/posts"}],"about":[{"href":"https:\/\/sqvot.si\/en\/wp-json\/wp\/v2\/types\/post"}],"author":[{"embeddable":true,"href":"https:\/\/sqvot.si\/en\/wp-json\/wp\/v2\/users\/1"}],"replies":[{"embeddable":true,"href":"https:\/\/sqvot.si\/en\/wp-json\/wp\/v2\/comments?post=509"}],"version-history":[{"count":0,"href":"https:\/\/sqvot.si\/en\/wp-json\/wp\/v2\/posts\/509\/revisions"}],"wp:featuredmedia":[{"embeddable":true,"href":"https:\/\/sqvot.si\/en\/wp-json\/wp\/v2\/media\/414"}],"wp:attachment":[{"href":"https:\/\/sqvot.si\/en\/wp-json\/wp\/v2\/media?parent=509"}],"wp:term":[{"taxonomy":"category","embeddable":true,"href":"https:\/\/sqvot.si\/en\/wp-json\/wp\/v2\/categories?post=509"},{"taxonomy":"post_tag","embeddable":true,"href":"https:\/\/sqvot.si\/en\/wp-json\/wp\/v2\/tags?post=509"}],"curies":[{"name":"wp","href":"https:\/\/api.w.org\/{rel}","templated":true}]}}