{"id":501,"date":"2023-09-01T06:44:39","date_gmt":"2023-09-01T06:44:39","guid":{"rendered":"https:\/\/sqvot.si\/poziv-za-gostiteljice_e\/"},"modified":"2023-09-14T08:05:40","modified_gmt":"2023-09-14T08:05:40","slug":"poziv-za-gostiteljice_e","status":"publish","type":"post","link":"https:\/\/sqvot.si\/en\/poziv-za-gostiteljice_e\/","title":{"rendered":"Poziv za gostiteljice_e"},"content":{"rendered":"\n[et_pb_section admin_label=&#8221;section&#8221;]\n\t\t\t[et_pb_row admin_label=&#8221;row&#8221;]\n\t\t\t\t[et_pb_column type=&#8221;4_4&#8243;][et_pb_text admin_label=&#8221;Text&#8221;]<!-- divi:paragraph -->\n<p>NAMESTITEV IN PODPORA ZA MLADE LGBTIQ+ OSEBE V STANOVANJSKI STISKI:&nbsp;<\/p>\n<!-- \/divi:paragraph -->\n\n<!-- divi:paragraph -->\n<p>poziv za sodelovanje pri nadaljnjem razvoju mre\u017ee kriznih namestitev<\/p>\n<!-- \/divi:paragraph -->\n\n<!-- divi:paragraph -->\n<p><strong><em>I\u0161\u010demo osebe, ki bi se aktivno vklju\u010dile_i v nadaljnjo fazo razvoja mre\u017ee in tudi nudile_i mo\u017enost kratkoro\u010dnega bivanja mladim LGBTIQ+ osebam v krizni situaciji, ki potrebujejo za\u010dasno bivali\u0161\u010de. K sodelovanju vabljene_i odrasle LGBTIQ+ osebe, star\u0161i (LGBTIQ+) oseb, podpornice_ki in zaveznice_ki LGBTIQ+ skupnosti, ki \u017eelite s svojim sodelovanjem pomagati pri razvoju mre\u017ee.<\/em><\/strong><\/p>\n<!-- \/divi:paragraph -->\n\n<!-- divi:paragraph -->\n<p><strong><em>V petek, 23. 9. 2022, med 17h in 19h v prostorih Dru\u0161tva Parada ponosa na Dunajski 10 v Ljubljani organiziramo informativni sestanek za vse zainteresirane. Na sestanku bomo predstavile_i mre\u017eo kriznih namestitev in njeno delovanje: dosedanje izku\u0161nje, vizijo za naprej ter odprle_i prostor za vpra\u0161anja.&nbsp;<\/em><\/strong><\/p>\n<!-- \/divi:paragraph -->\n\n<!-- divi:paragraph -->\n<p><strong><em>Vabimo vas k prijavi na google form &#8211; prijave sprejemamo do 11. 9 .2022.<\/em><\/strong><\/p>\n<!-- \/divi:paragraph -->\n\n<!-- divi:paragraph -->\n<p><strong><em>PRIJAVITE SE TUKAJ: <\/em><\/strong><a href=\"https:\/\/forms.gle\/cR3N7cAQPbcDp1E47\"><strong><em>https:\/\/forms.gle\/cR3N7cAQPbcDp1E47<\/em><\/strong><\/a><strong><em>&nbsp;<\/em><\/strong><\/p>\n<!-- \/divi:paragraph -->\n\n<!-- divi:paragraph -->\n<p>Po informativnem sestanku bomo za tiste, ki se odlo\u010dijo na sodelovanje oz. za ponujanje kriznih namestitev organizirale_i usposabljanja in pripravile_i&nbsp; individualizirane dogovore.&nbsp;<\/p>\n<!-- \/divi:paragraph -->\n\n<!-- divi:paragraph -->\n<p><strong>Kaj je na\u0161 cilj?&nbsp;<\/strong><\/p>\n<!-- \/divi:paragraph -->\n\n<!-- divi:paragraph -->\n<p>Okrepiti \u017ee obstoje\u010do mre\u017eo kriznih namestitev, prek katere lahko osebe po vsej Sloveniji nudijo mo\u017enost kratkotrajnega bivanja (do 2 tedna oz. do 2 meseca) mladim LGBTIQ+ osebam, ki se znajdejo v krizni situaciji in potrebujejo za\u010dasno bivali\u0161\u010de. Za\u010dasno nastanjeni mladi so isto\u010dasno vklju\u010deni v podporne mehanizme pri Dru\u0161tvu Parada ponosa, kjer jim ponujamo psihosocialno in pravno-administrativno podporo.&nbsp;<\/p>\n<!-- \/divi:paragraph -->\n\n<!-- divi:paragraph -->\n<p><strong>Zakaj to po\u010dnemo?<\/strong><\/p>\n<!-- \/divi:paragraph -->\n\n<!-- divi:paragraph -->\n<p>LGBTIQ+ osebe se zaradi diskriminacije in nasilja veliko pogosteje kot druge_i znajdejo v situaciji brezdomnosti ali v kriznih situacijah, kjer potrebujejo za\u010dasno namestitev. Mlade osebe so pri tem \u0161e posebej ranljive. V Sloveniji nimamo ustreznih socialnovarstvenih storitev in podpornih mre\u017e, ki bi LGBTIQ+ osebam pomagale v primeru izgube doma ali primerne namestitve, zato smo se odlo\u010dile_i to pomanjkljivost nasloviti s pomo\u010djo skupnosti in zaveznic_kov.<\/p>\n<!-- \/divi:paragraph -->\n\n<!-- divi:paragraph -->\n<p>V letu 2021 smo za\u010dele ponujati podporo LGBTIQ+ mladim, ki do\u017eivljajo stanovanjsko stisko oz. imajo izku\u0161nje s stanovanjsko izklju\u010denostjo znotraj programa SQVOT. Ve\u010d o storitvah, ki jih program ponuja lahko <a href=\"https:\/\/sqvot.si\/en\/\">preberete tukaj. <\/a>Na isti spletni strani lahko preberete ve\u010d o na\u0161ih trenutnih gostiteljicah_ih. Lahko nam sledite tudi na na\u0161em Facebook profilu SQVOT in Instagram profilu sqvot_program.Tudi nam lahko zasledite na socialnih omre\u017eij programa za \u0161ir\u0161o sliko, kaj vse po\u010dnemo na programu. Oglejte si Facebook in Instagram profil.&nbsp;<\/p>\n<!-- \/divi:paragraph -->\n\n<!-- divi:paragraph -->\n<p><strong>Kaj pri\u010dakujemo od vas?<\/strong><\/p>\n<!-- \/divi:paragraph -->\n\n<!-- divi:list -->\n<ul><li>Da poznate LGBTIQ+ osebe in teme ali ste sami LGBTIQ+ oseba.<\/li><li>Da imate doma na voljo prosto sobo.<\/li><li>Da ste se pripravljeni udele\u017eiti usposabljanja za gostiteljice_je krizne namestitve.<\/li><li>Da lahko namenite \u010das za evalvacijska in na\u010drtovalna sre\u010danja mre\u017ee (pribli\u017eno \u0161tirikrat na leto).&nbsp;<\/li><li>Da ste pripravljeni na dolgoro\u010dno (ve\u010dletno) sodelovanje v mre\u017ei.<\/li><\/ul>\n<!-- \/divi:list -->\n\n<!-- divi:paragraph -->\n<p><strong>Kaj lahko ponudimo?<\/strong><\/p>\n<!-- \/divi:paragraph -->\n\n<!-- divi:paragraph -->\n<p>Podporo in pomo\u010d na vseh korakih, naslavljanje va\u0161ih vpra\u0161anj in pomislekov, podporno okolje ter motivirano in prijetno ekipo.<\/p>\n<!-- \/divi:paragraph -->\n\n<!-- divi:paragraph -->\n<p><strong>Kako se prijavite?<\/strong><\/p>\n<!-- \/divi:paragraph -->\n\n<!-- divi:paragraph -->\n<p>Izpolnite obrazec, ki je dostopen na povezavi: https:\/\/forms.gle\/VBLn97mVaQYfZ6Wy6&nbsp;<\/p>\n<!-- \/divi:paragraph -->\n\n<!-- divi:paragraph -->\n<p>Za vsa dodatna vpra\u0161anja smo na voljo na e-naslovu <a href=\"mailto:sqvot@ljubljanapride.org\">sqvot@ljubljanapride.org<\/a> ali na telefonski \u0161tevilki 040 773 586.<\/p>\n<!-- \/divi:paragraph -->[\/et_pb_text][\/et_pb_column]\n\t\t\t[\/et_pb_row]\n\t\t[\/et_pb_section]\n","protected":false},"excerpt":{"rendered":"<p>NAMESTITEV IN PODPORA ZA MLADE LGBTIQ+ OSEBE V STANOVANJSKI STISKI:&nbsp; poziv za sodelovanje pri nadaljnjem razvoju mre\u017ee kriznih namestitev I\u0161\u010demo osebe, ki bi se aktivno vklju\u010dile_i v nadaljnjo fazo razvoja [&hellip;]<\/p>\n","protected":false},"author":1,"featured_media":420,"comment_status":"open","ping_status":"open","sticky":false,"template":"","format":"standard","meta":{"_et_pb_use_builder":"on","_et_pb_old_content":"<!-- wp:paragraph -->\n<p>NAMESTITEV IN PODPORA ZA MLADE LGBTIQ+ OSEBE V STANOVANJSKI STISKI:&nbsp;<\/p>\n<!-- \/wp:paragraph -->\n\n<!-- wp:paragraph -->\n<p>poziv za sodelovanje pri nadaljnjem razvoju mre\u017ee kriznih namestitev<\/p>\n<!-- \/wp:paragraph -->\n\n<!-- wp:paragraph -->\n<p><strong><em>I\u0161\u010demo osebe, ki bi se aktivno vklju\u010dile_i v nadaljnjo fazo razvoja mre\u017ee in tudi nudile_i mo\u017enost kratkoro\u010dnega bivanja mladim LGBTIQ+ osebam v krizni situaciji, ki potrebujejo za\u010dasno bivali\u0161\u010de. K sodelovanju vabljene_i odrasle LGBTIQ+ osebe, star\u0161i (LGBTIQ+) oseb, podpornice_ki in zaveznice_ki LGBTIQ+ skupnosti, ki \u017eelite s svojim sodelovanjem pomagati pri razvoju mre\u017ee.<\/em><\/strong><\/p>\n<!-- \/wp:paragraph -->\n\n<!-- wp:paragraph -->\n<p><strong><em>V petek, 23. 9. 2022, med 17h in 19h v prostorih Dru\u0161tva Parada ponosa na Dunajski 10 v Ljubljani organiziramo informativni sestanek za vse zainteresirane. Na sestanku bomo predstavile_i mre\u017eo kriznih namestitev in njeno delovanje: dosedanje izku\u0161nje, vizijo za naprej ter odprle_i prostor za vpra\u0161anja.&nbsp;<\/em><\/strong><\/p>\n<!-- \/wp:paragraph -->\n\n<!-- wp:paragraph -->\n<p><strong><em>Vabimo vas k prijavi na google form - prijave sprejemamo do 11. 9 .2022.<\/em><\/strong><\/p>\n<!-- \/wp:paragraph -->\n\n<!-- wp:paragraph -->\n<p><strong><em>PRIJAVITE SE TUKAJ: <\/em><\/strong><a href=\"https:\/\/forms.gle\/cR3N7cAQPbcDp1E47\"><strong><em>https:\/\/forms.gle\/cR3N7cAQPbcDp1E47<\/em><\/strong><\/a><strong><em>&nbsp;<\/em><\/strong><\/p>\n<!-- \/wp:paragraph -->\n\n<!-- wp:paragraph -->\n<p>Po informativnem sestanku bomo za tiste, ki se odlo\u010dijo na sodelovanje oz. za ponujanje kriznih namestitev organizirale_i usposabljanja in pripravile_i&nbsp; individualizirane dogovore.&nbsp;<\/p>\n<!-- \/wp:paragraph -->\n\n<!-- wp:paragraph -->\n<p><strong>Kaj je na\u0161 cilj?&nbsp;<\/strong><\/p>\n<!-- \/wp:paragraph -->\n\n<!-- wp:paragraph -->\n<p>Okrepiti \u017ee obstoje\u010do mre\u017eo kriznih namestitev, prek katere lahko osebe po vsej Sloveniji nudijo mo\u017enost kratkotrajnega bivanja (do 2 tedna oz. do 2 meseca) mladim LGBTIQ+ osebam, ki se znajdejo v krizni situaciji in potrebujejo za\u010dasno bivali\u0161\u010de. Za\u010dasno nastanjeni mladi so isto\u010dasno vklju\u010deni v podporne mehanizme pri Dru\u0161tvu Parada ponosa, kjer jim ponujamo psihosocialno in pravno-administrativno podporo.&nbsp;<\/p>\n<!-- \/wp:paragraph -->\n\n<!-- wp:paragraph -->\n<p><strong>Zakaj to po\u010dnemo?<\/strong><\/p>\n<!-- \/wp:paragraph -->\n\n<!-- wp:paragraph -->\n<p>LGBTIQ+ osebe se zaradi diskriminacije in nasilja veliko pogosteje kot druge_i znajdejo v situaciji brezdomnosti ali v kriznih situacijah, kjer potrebujejo za\u010dasno namestitev. Mlade osebe so pri tem \u0161e posebej ranljive. V Sloveniji nimamo ustreznih socialnovarstvenih storitev in podpornih mre\u017e, ki bi LGBTIQ+ osebam pomagale v primeru izgube doma ali primerne namestitve, zato smo se odlo\u010dile_i to pomanjkljivost nasloviti s pomo\u010djo skupnosti in zaveznic_kov.<\/p>\n<!-- \/wp:paragraph -->\n\n<!-- wp:paragraph -->\n<p>V letu 2021 smo za\u010dele ponujati podporo LGBTIQ+ mladim, ki do\u017eivljajo stanovanjsko stisko oz. imajo izku\u0161nje s stanovanjsko izklju\u010denostjo znotraj programa SQVOT. Ve\u010d o storitvah, ki jih program ponuja lahko <a href=\"https:\/\/sqvot.si\/\">preberete tukaj. <\/a>Na isti spletni strani lahko preberete ve\u010d o na\u0161ih trenutnih gostiteljicah_ih. Lahko nam sledite tudi na na\u0161em Facebook profilu SQVOT in Instagram profilu sqvot_program.Tudi nam lahko zasledite na socialnih omre\u017eij programa za \u0161ir\u0161o sliko, kaj vse po\u010dnemo na programu. Oglejte si Facebook in Instagram profil.&nbsp;<\/p>\n<!-- \/wp:paragraph -->\n\n<!-- wp:paragraph -->\n<p><strong>Kaj pri\u010dakujemo od vas?<\/strong><\/p>\n<!-- \/wp:paragraph -->\n\n<!-- wp:list -->\n<ul><li>Da poznate LGBTIQ+ osebe in teme ali ste sami LGBTIQ+ oseba.<\/li><li>Da imate doma na voljo prosto sobo.<\/li><li>Da ste se pripravljeni udele\u017eiti usposabljanja za gostiteljice_je krizne namestitve.<\/li><li>Da lahko namenite \u010das za evalvacijska in na\u010drtovalna sre\u010danja mre\u017ee (pribli\u017eno \u0161tirikrat na leto).&nbsp;<\/li><li>Da ste pripravljeni na dolgoro\u010dno (ve\u010dletno) sodelovanje v mre\u017ei.<\/li><\/ul>\n<!-- \/wp:list -->\n\n<!-- wp:paragraph -->\n<p><strong>Kaj lahko ponudimo?<\/strong><\/p>\n<!-- \/wp:paragraph -->\n\n<!-- wp:paragraph -->\n<p>Podporo in pomo\u010d na vseh korakih, naslavljanje va\u0161ih vpra\u0161anj in pomislekov, podporno okolje ter motivirano in prijetno ekipo.<\/p>\n<!-- \/wp:paragraph -->\n\n<!-- wp:paragraph -->\n<p><strong>Kako se prijavite?<\/strong><\/p>\n<!-- \/wp:paragraph -->\n\n<!-- wp:paragraph -->\n<p>Izpolnite obrazec, ki je dostopen na povezavi: https:\/\/forms.gle\/VBLn97mVaQYfZ6Wy6&nbsp;<\/p>\n<!-- \/wp:paragraph -->\n\n<!-- wp:paragraph -->\n<p>Za vsa dodatna vpra\u0161anja smo na voljo na e-naslovu <a href=\"mailto:sqvot@ljubljanapride.org\">sqvot@ljubljanapride.org<\/a> ali na telefonski \u0161tevilki 040 773 586.<\/p>\n<!-- \/wp:paragraph -->","_et_gb_content_width":"","_monsterinsights_skip_tracking":false,"_monsterinsights_sitenote_active":false,"_monsterinsights_sitenote_note":"","_monsterinsights_sitenote_category":0,"footnotes":""},"categories":[10],"tags":[],"class_list":["post-501","post","type-post","status-publish","format-standard","has-post-thumbnail","hentry","category-uncategorized"],"yoast_head":"<!-- This site is optimized with the Yoast SEO plugin v27.5 - https:\/\/yoast.com\/product\/yoast-seo-wordpress\/ -->\n<title>Poziv za gostiteljice_e - SQVOT<\/title>\n<meta name=\"robots\" content=\"index, follow, max-snippet:-1, max-image-preview:large, max-video-preview:-1\" \/>\n<link rel=\"canonical\" href=\"https:\/\/sqvot.si\/en\/poziv-za-gostiteljice_e\/\" \/>\n<meta property=\"og:locale\" content=\"en_US\" \/>\n<meta property=\"og:type\" content=\"article\" \/>\n<meta property=\"og:title\" content=\"Poziv za gostiteljice_e - SQVOT\" \/>\n<meta property=\"og:description\" content=\"NAMESTITEV IN PODPORA ZA MLADE LGBTIQ+ OSEBE V STANOVANJSKI STISKI:&nbsp; poziv za sodelovanje pri nadaljnjem razvoju mre\u017ee kriznih namestitev I\u0161\u010demo osebe, ki bi se aktivno vklju\u010dile_i v nadaljnjo fazo razvoja [&hellip;]\" \/>\n<meta property=\"og:url\" content=\"https:\/\/sqvot.si\/en\/poziv-za-gostiteljice_e\/\" \/>\n<meta property=\"og:site_name\" content=\"SQVOT\" \/>\n<meta property=\"article:published_time\" content=\"2023-09-01T06:44:39+00:00\" \/>\n<meta property=\"article:modified_time\" content=\"2023-09-14T08:05:40+00:00\" \/>\n<meta property=\"og:image\" content=\"https:\/\/sqvot.si\/wp-content\/uploads\/2022\/08\/Poziv-za-gostiteljice-1024x1024.png\" \/>\n\t<meta property=\"og:image:width\" content=\"1024\" \/>\n\t<meta property=\"og:image:height\" content=\"1024\" \/>\n\t<meta property=\"og:image:type\" content=\"image\/png\" \/>\n<meta name=\"author\" content=\"admin\" \/>\n<meta name=\"twitter:card\" content=\"summary_large_image\" \/>\n<meta name=\"twitter:label1\" content=\"Written by\" \/>\n\t<meta name=\"twitter:data1\" content=\"admin\" \/>\n\t<meta name=\"twitter:label2\" content=\"Est. reading time\" \/>\n\t<meta name=\"twitter:data2\" content=\"3 minutes\" \/>\n<script type=\"application\/ld+json\" class=\"yoast-schema-graph\">{\"@context\":\"https:\\\/\\\/schema.org\",\"@graph\":[{\"@type\":\"Article\",\"@id\":\"https:\\\/\\\/sqvot.si\\\/en\\\/poziv-za-gostiteljice_e\\\/#article\",\"isPartOf\":{\"@id\":\"https:\\\/\\\/sqvot.si\\\/en\\\/poziv-za-gostiteljice_e\\\/\"},\"author\":{\"name\":\"admin\",\"@id\":\"https:\\\/\\\/sqvot.si\\\/#\\\/schema\\\/person\\\/98bc915df7392ec0238fa11c929b6a09\"},\"headline\":\"Poziv za gostiteljice_e\",\"datePublished\":\"2023-09-01T06:44:39+00:00\",\"dateModified\":\"2023-09-14T08:05:40+00:00\",\"mainEntityOfPage\":{\"@id\":\"https:\\\/\\\/sqvot.si\\\/en\\\/poziv-za-gostiteljice_e\\\/\"},\"wordCount\":577,\"commentCount\":0,\"image\":{\"@id\":\"https:\\\/\\\/sqvot.si\\\/en\\\/poziv-za-gostiteljice_e\\\/#primaryimage\"},\"thumbnailUrl\":\"https:\\\/\\\/sqvot.si\\\/wp-content\\\/uploads\\\/2022\\\/08\\\/Poziv-za-gostiteljice-e1660200251918.png\",\"inLanguage\":\"en-US\",\"potentialAction\":[{\"@type\":\"CommentAction\",\"name\":\"Comment\",\"target\":[\"https:\\\/\\\/sqvot.si\\\/en\\\/poziv-za-gostiteljice_e\\\/#respond\"]}]},{\"@type\":\"WebPage\",\"@id\":\"https:\\\/\\\/sqvot.si\\\/en\\\/poziv-za-gostiteljice_e\\\/\",\"url\":\"https:\\\/\\\/sqvot.si\\\/en\\\/poziv-za-gostiteljice_e\\\/\",\"name\":\"Poziv za gostiteljice_e - SQVOT\",\"isPartOf\":{\"@id\":\"https:\\\/\\\/sqvot.si\\\/#website\"},\"primaryImageOfPage\":{\"@id\":\"https:\\\/\\\/sqvot.si\\\/en\\\/poziv-za-gostiteljice_e\\\/#primaryimage\"},\"image\":{\"@id\":\"https:\\\/\\\/sqvot.si\\\/en\\\/poziv-za-gostiteljice_e\\\/#primaryimage\"},\"thumbnailUrl\":\"https:\\\/\\\/sqvot.si\\\/wp-content\\\/uploads\\\/2022\\\/08\\\/Poziv-za-gostiteljice-e1660200251918.png\",\"datePublished\":\"2023-09-01T06:44:39+00:00\",\"dateModified\":\"2023-09-14T08:05:40+00:00\",\"author\":{\"@id\":\"https:\\\/\\\/sqvot.si\\\/#\\\/schema\\\/person\\\/98bc915df7392ec0238fa11c929b6a09\"},\"breadcrumb\":{\"@id\":\"https:\\\/\\\/sqvot.si\\\/en\\\/poziv-za-gostiteljice_e\\\/#breadcrumb\"},\"inLanguage\":\"en-US\",\"potentialAction\":[{\"@type\":\"ReadAction\",\"target\":[\"https:\\\/\\\/sqvot.si\\\/en\\\/poziv-za-gostiteljice_e\\\/\"]}]},{\"@type\":\"ImageObject\",\"inLanguage\":\"en-US\",\"@id\":\"https:\\\/\\\/sqvot.si\\\/en\\\/poziv-za-gostiteljice_e\\\/#primaryimage\",\"url\":\"https:\\\/\\\/sqvot.si\\\/wp-content\\\/uploads\\\/2022\\\/08\\\/Poziv-za-gostiteljice-e1660200251918.png\",\"contentUrl\":\"https:\\\/\\\/sqvot.si\\\/wp-content\\\/uploads\\\/2022\\\/08\\\/Poziv-za-gostiteljice-e1660200251918.png\",\"width\":800,\"height\":800},{\"@type\":\"BreadcrumbList\",\"@id\":\"https:\\\/\\\/sqvot.si\\\/en\\\/poziv-za-gostiteljice_e\\\/#breadcrumb\",\"itemListElement\":[{\"@type\":\"ListItem\",\"position\":1,\"name\":\"Home\",\"item\":\"https:\\\/\\\/sqvot.si\\\/en\\\/\"},{\"@type\":\"ListItem\",\"position\":2,\"name\":\"Poziv za gostiteljice_e\"}]},{\"@type\":\"WebSite\",\"@id\":\"https:\\\/\\\/sqvot.si\\\/#website\",\"url\":\"https:\\\/\\\/sqvot.si\\\/\",\"name\":\"SQVOT\",\"description\":\"Program za zmanj\u0161evanje posledic manj\u0161inskega stresa\",\"potentialAction\":[{\"@type\":\"SearchAction\",\"target\":{\"@type\":\"EntryPoint\",\"urlTemplate\":\"https:\\\/\\\/sqvot.si\\\/?s={search_term_string}\"},\"query-input\":{\"@type\":\"PropertyValueSpecification\",\"valueRequired\":true,\"valueName\":\"search_term_string\"}}],\"inLanguage\":\"en-US\"},{\"@type\":\"Person\",\"@id\":\"https:\\\/\\\/sqvot.si\\\/#\\\/schema\\\/person\\\/98bc915df7392ec0238fa11c929b6a09\",\"name\":\"admin\",\"sameAs\":[\"http:\\\/\\\/sqvot.si\"],\"url\":\"https:\\\/\\\/sqvot.si\\\/en\\\/author\\\/admin\\\/\"}]}<\/script>\n<!-- \/ Yoast SEO plugin. -->","yoast_head_json":{"title":"Poziv za gostiteljice_e - SQVOT","robots":{"index":"index","follow":"follow","max-snippet":"max-snippet:-1","max-image-preview":"max-image-preview:large","max-video-preview":"max-video-preview:-1"},"canonical":"https:\/\/sqvot.si\/en\/poziv-za-gostiteljice_e\/","og_locale":"en_US","og_type":"article","og_title":"Poziv za gostiteljice_e - SQVOT","og_description":"NAMESTITEV IN PODPORA ZA MLADE LGBTIQ+ OSEBE V STANOVANJSKI STISKI:&nbsp; poziv za sodelovanje pri nadaljnjem razvoju mre\u017ee kriznih namestitev I\u0161\u010demo osebe, ki bi se aktivno vklju\u010dile_i v nadaljnjo fazo razvoja [&hellip;]","og_url":"https:\/\/sqvot.si\/en\/poziv-za-gostiteljice_e\/","og_site_name":"SQVOT","article_published_time":"2023-09-01T06:44:39+00:00","article_modified_time":"2023-09-14T08:05:40+00:00","og_image":[{"width":1024,"height":1024,"url":"https:\/\/sqvot.si\/wp-content\/uploads\/2022\/08\/Poziv-za-gostiteljice-1024x1024.png","type":"image\/png"}],"author":"admin","twitter_card":"summary_large_image","twitter_misc":{"Written by":"admin","Est. reading time":"3 minutes"},"schema":{"@context":"https:\/\/schema.org","@graph":[{"@type":"Article","@id":"https:\/\/sqvot.si\/en\/poziv-za-gostiteljice_e\/#article","isPartOf":{"@id":"https:\/\/sqvot.si\/en\/poziv-za-gostiteljice_e\/"},"author":{"name":"admin","@id":"https:\/\/sqvot.si\/#\/schema\/person\/98bc915df7392ec0238fa11c929b6a09"},"headline":"Poziv za gostiteljice_e","datePublished":"2023-09-01T06:44:39+00:00","dateModified":"2023-09-14T08:05:40+00:00","mainEntityOfPage":{"@id":"https:\/\/sqvot.si\/en\/poziv-za-gostiteljice_e\/"},"wordCount":577,"commentCount":0,"image":{"@id":"https:\/\/sqvot.si\/en\/poziv-za-gostiteljice_e\/#primaryimage"},"thumbnailUrl":"https:\/\/sqvot.si\/wp-content\/uploads\/2022\/08\/Poziv-za-gostiteljice-e1660200251918.png","inLanguage":"en-US","potentialAction":[{"@type":"CommentAction","name":"Comment","target":["https:\/\/sqvot.si\/en\/poziv-za-gostiteljice_e\/#respond"]}]},{"@type":"WebPage","@id":"https:\/\/sqvot.si\/en\/poziv-za-gostiteljice_e\/","url":"https:\/\/sqvot.si\/en\/poziv-za-gostiteljice_e\/","name":"Poziv za gostiteljice_e - SQVOT","isPartOf":{"@id":"https:\/\/sqvot.si\/#website"},"primaryImageOfPage":{"@id":"https:\/\/sqvot.si\/en\/poziv-za-gostiteljice_e\/#primaryimage"},"image":{"@id":"https:\/\/sqvot.si\/en\/poziv-za-gostiteljice_e\/#primaryimage"},"thumbnailUrl":"https:\/\/sqvot.si\/wp-content\/uploads\/2022\/08\/Poziv-za-gostiteljice-e1660200251918.png","datePublished":"2023-09-01T06:44:39+00:00","dateModified":"2023-09-14T08:05:40+00:00","author":{"@id":"https:\/\/sqvot.si\/#\/schema\/person\/98bc915df7392ec0238fa11c929b6a09"},"breadcrumb":{"@id":"https:\/\/sqvot.si\/en\/poziv-za-gostiteljice_e\/#breadcrumb"},"inLanguage":"en-US","potentialAction":[{"@type":"ReadAction","target":["https:\/\/sqvot.si\/en\/poziv-za-gostiteljice_e\/"]}]},{"@type":"ImageObject","inLanguage":"en-US","@id":"https:\/\/sqvot.si\/en\/poziv-za-gostiteljice_e\/#primaryimage","url":"https:\/\/sqvot.si\/wp-content\/uploads\/2022\/08\/Poziv-za-gostiteljice-e1660200251918.png","contentUrl":"https:\/\/sqvot.si\/wp-content\/uploads\/2022\/08\/Poziv-za-gostiteljice-e1660200251918.png","width":800,"height":800},{"@type":"BreadcrumbList","@id":"https:\/\/sqvot.si\/en\/poziv-za-gostiteljice_e\/#breadcrumb","itemListElement":[{"@type":"ListItem","position":1,"name":"Home","item":"https:\/\/sqvot.si\/en\/"},{"@type":"ListItem","position":2,"name":"Poziv za gostiteljice_e"}]},{"@type":"WebSite","@id":"https:\/\/sqvot.si\/#website","url":"https:\/\/sqvot.si\/","name":"SQVOT","description":"Program za zmanj\u0161evanje posledic manj\u0161inskega stresa","potentialAction":[{"@type":"SearchAction","target":{"@type":"EntryPoint","urlTemplate":"https:\/\/sqvot.si\/?s={search_term_string}"},"query-input":{"@type":"PropertyValueSpecification","valueRequired":true,"valueName":"search_term_string"}}],"inLanguage":"en-US"},{"@type":"Person","@id":"https:\/\/sqvot.si\/#\/schema\/person\/98bc915df7392ec0238fa11c929b6a09","name":"admin","sameAs":["http:\/\/sqvot.si"],"url":"https:\/\/sqvot.si\/en\/author\/admin\/"}]}},"_links":{"self":[{"href":"https:\/\/sqvot.si\/en\/wp-json\/wp\/v2\/posts\/501","targetHints":{"allow":["GET"]}}],"collection":[{"href":"https:\/\/sqvot.si\/en\/wp-json\/wp\/v2\/posts"}],"about":[{"href":"https:\/\/sqvot.si\/en\/wp-json\/wp\/v2\/types\/post"}],"author":[{"embeddable":true,"href":"https:\/\/sqvot.si\/en\/wp-json\/wp\/v2\/users\/1"}],"replies":[{"embeddable":true,"href":"https:\/\/sqvot.si\/en\/wp-json\/wp\/v2\/comments?post=501"}],"version-history":[{"count":1,"href":"https:\/\/sqvot.si\/en\/wp-json\/wp\/v2\/posts\/501\/revisions"}],"predecessor-version":[{"id":503,"href":"https:\/\/sqvot.si\/en\/wp-json\/wp\/v2\/posts\/501\/revisions\/503"}],"wp:featuredmedia":[{"embeddable":true,"href":"https:\/\/sqvot.si\/en\/wp-json\/wp\/v2\/media\/420"}],"wp:attachment":[{"href":"https:\/\/sqvot.si\/en\/wp-json\/wp\/v2\/media?parent=501"}],"wp:term":[{"taxonomy":"category","embeddable":true,"href":"https:\/\/sqvot.si\/en\/wp-json\/wp\/v2\/categories?post=501"},{"taxonomy":"post_tag","embeddable":true,"href":"https:\/\/sqvot.si\/en\/wp-json\/wp\/v2\/tags?post=501"}],"curies":[{"name":"wp","href":"https:\/\/api.w.org\/{rel}","templated":true}]}}